{"id":130,"date":"2014-10-17T11:28:03","date_gmt":"2014-10-17T11:28:03","guid":{"rendered":"https:\/\/melocotondecieza.es\/?p=130"},"modified":"2014-10-17T11:28:03","modified_gmt":"2014-10-17T11:28:03","slug":"i-congreso-melocoton","status":"publish","type":"post","link":"https:\/\/melocotondecieza.es\/en\/i-congreso-melocoton\/","title":{"rendered":"Cieza will celebrate the I Peach Congress"},"content":{"rendered":"<p style=\"text-align: justify;\"><span class=\"userContent\"><strong>Good news for our star product<\/strong>: Cieza is going to celebrate next February the <strong>I Peach Congress<\/strong>.<br \/>\nThe presentation, which took place at the Fruit Attraction Agricultural Fair in Madrid, was attended by political authorities led by the President of the Autonomous Community of the Region of Murcia, Alberto Garre, supported by the Minister of Agriculture, Antonio Cerd\u00e1, the Ciezano national representative T<span class=\"text_exposed_show\">eodoro Garc\u00eda and the Councilor for Agriculture, Maria Dolores Hortelano, who were accompanied by representatives of the agricultural sector such as the president and manager of Fecoam, Santiago Mart\u00ednez and Antonio Sanz respectively, as well as Antonio Ruiz, president of Vega de Cieza; and the president of Coag Cieza, Manuel Mart\u00edn; The president of Croem, Jos\u00e9 Mar\u00eda Albarrac\u00edn, was also present;<\/span><\/span><\/p>\n<p>The <strong>National and international promotion of our peach<\/strong> And be <strong>meeting point for professionals<\/strong>, are the objectives of this Congress that will coincide with the flowering season, so Cieza is expected to be, the last week of February, a center of first-class attention.<\/p>\n<div style=\"display:none;\"><a href=\"http:\/\/www.jackdoylesnyc.com\/buy-my-waste-paper\" target=\"_blank\" rel=\"noopener\">Buy my waste paper<\/a><\/div>","protected":false},"excerpt":{"rendered":"<p>Good news for our star product: Cieza is going to celebrate the First Peach Congress next February. The presentation, which took place at the Fruit Attraction Agricultural Fair in Madrid, was attended by political authorities led by the President of the Autonomous Community of the Region of Murcia, Alberto Garre, [\u2026]<\/p>","protected":false},"author":1,"featured_media":131,"comment_status":"open","ping_status":"open","sticky":false,"template":"","format":"standard","meta":{"footnotes":""},"categories":[2],"tags":[],"_links":{"self":[{"href":"https:\/\/melocotondecieza.es\/en\/wp-json\/wp\/v2\/posts\/130"}],"collection":[{"href":"https:\/\/melocotondecieza.es\/en\/wp-json\/wp\/v2\/posts"}],"about":[{"href":"https:\/\/melocotondecieza.es\/en\/wp-json\/wp\/v2\/types\/post"}],"author":[{"embeddable":true,"href":"https:\/\/melocotondecieza.es\/en\/wp-json\/wp\/v2\/users\/1"}],"replies":[{"embeddable":true,"href":"https:\/\/melocotondecieza.es\/en\/wp-json\/wp\/v2\/comments?post=130"}],"version-history":[{"count":0,"href":"https:\/\/melocotondecieza.es\/en\/wp-json\/wp\/v2\/posts\/130\/revisions"}],"wp:featuredmedia":[{"embeddable":true,"href":"https:\/\/melocotondecieza.es\/en\/wp-json\/wp\/v2\/media\/131"}],"wp:attachment":[{"href":"https:\/\/melocotondecieza.es\/en\/wp-json\/wp\/v2\/media?parent=130"}],"wp:term":[{"taxonomy":"category","embeddable":true,"href":"https:\/\/melocotondecieza.es\/en\/wp-json\/wp\/v2\/categories?post=130"},{"taxonomy":"post_tag","embeddable":true,"href":"https:\/\/melocotondecieza.es\/en\/wp-json\/wp\/v2\/tags?post=130"}],"curies":[{"name":"wp","href":"https:\/\/api.w.org\/{rel}","templated":true}]}}